{"id":11124,"date":"2023-04-27T14:37:37","date_gmt":"2023-04-27T19:37:37","guid":{"rendered":"https:\/\/twkumc.org\/?p=11124"},"modified":"2023-04-27T14:37:37","modified_gmt":"2023-04-27T19:37:37","slug":"children-annual-conference","status":"publish","type":"post","link":"https:\/\/twkumc.org\/es\/news\/children-annual-conference\/","title":{"rendered":"Conferencia anual Campamento de d\u00eda y guarder\u00eda"},"content":{"rendered":"<h3><strong><a href=\"http:\/\/twkumc.org\/es\/ac2024\/\"><img fetchpriority=\"high\" decoding=\"async\" class=\"wp-image-15457 size-medium alignright\" src=\"https:\/\/twkumc.org\/wp-content\/uploads\/2024\/01\/Boundless-AC24-logo-442x380.png\" alt=\"\" width=\"442\" height=\"380\" \/><\/a><\/strong><\/h3>\n<h2>\u00a1Traiga a sus hijos a Murfreesboro First!<\/h2>\n<h3><strong>Campamento de d\u00eda | K a 6\u00ba (completado)<\/strong><\/h3>\n<p><span style=\"font-weight: 400;\">Se invita a los ni\u00f1os que hayan terminado desde el jard\u00edn de infancia hasta sexto de primaria a asistir al <\/span>Campamento Anual de la Conferencia del 17 al 19 de junio en Murfreesboro First UMC.<\/p>\n<p>Tendremos devociones, canciones, manualidades, juegos, picnics y mucho m\u00e1s. Habr\u00e1 <strong>sin coste<\/strong> a los asistentes a la conferencia anual para que asistan sus hijos.<\/p>\n<p>El campamento Cedar Crest proporcionar\u00e1 los monitores. <strong><a href=\"https:\/\/campscui.active.com\/orgs\/CedarCrestCamp?season=3424545&amp;session=61420745\" target=\"_blank\" rel=\"noopener\">M\u00e1s informaci\u00f3n e inscripci\u00f3n.<\/a>\u00a0<\/strong><\/p>\n<h3><strong>Guarder\u00eda | Nacimiento a Pre-K<\/strong><\/h3>\n<p><span style=\"font-weight: 400;\">Se ofrecer\u00e1 cuidado de ni\u00f1os en la guarder\u00eda de Murfreesboro First UMC. <\/span>para ni\u00f1os de hasta preescolar durante las sesiones anuales de la conferencia y la noche de la ordenaci\u00f3n (martes).<\/p>\n<p>El personal pagado del preescolar y de la guarder\u00eda de Murfreesboro First cuidar\u00e1 a sus ni\u00f1os. Todos son santuarios seguros entrenados.<\/p>\n<p>Hay <strong>sin coste<\/strong> a los asistentes a la conferencia anual para el cuidado de los ni\u00f1os. <strong><a href=\"https:\/\/fumcboro.churchcenter.com\/registrations\/events\/2209410\" target=\"_blank\" rel=\"noopener\">Reg\u00edstrese ahora.<\/a><\/strong><\/p>\n<p>&nbsp;<\/p>\n<h3><strong>Guarder\u00eda | Nacimiento a 2\u00ba Grado-Servicio de Ordenaci\u00f3n<\/strong><\/h3>\n<p><strong><a href=\"https:\/\/fumcboro.churchcenter.com\/registrations\/events\/2238617\" target=\"_blank\" rel=\"noopener\">Reg\u00edstrese ahora<\/a><\/strong> para el cuidado de los ni\u00f1os desde la guarder\u00eda hasta el 2\u00ba grado.<\/p>\n<p>&nbsp;<\/p>","protected":false},"excerpt":{"rendered":"<p>Bring Your Children with You to Murfreesboro First! Day Camp | K thru 6th (completed) Children who have finished kindergarten through 6th grade are invited to attend the Annual Conference [&hellip;]<\/p>\n","protected":false},"author":4,"featured_media":0,"comment_status":"closed","ping_status":"closed","sticky":false,"template":"","format":"standard","meta":{"_acf_changed":false,"footnotes":""},"categories":[10,9],"tags":[],"class_list":["post-11124","post","type-post","status-publish","format-standard","hentry","category-ac","category-news"],"acf":[],"yoast_head":"<!-- This site is optimized with the Yoast SEO plugin v27.1.1 - https:\/\/yoast.com\/product\/yoast-seo-wordpress\/ -->\n<title>Annual Conference Day Camp &amp; Childcare - TWKUMC<\/title>\n<meta name=\"robots\" content=\"index, follow, max-snippet:-1, max-image-preview:large, max-video-preview:-1\" \/>\n<link rel=\"canonical\" href=\"https:\/\/twkumc.org\/es\/news\/children-annual-conference\/\" \/>\n<meta property=\"og:locale\" content=\"es_MX\" \/>\n<meta property=\"og:type\" content=\"article\" \/>\n<meta property=\"og:title\" content=\"Annual Conference Day Camp &amp; Childcare - TWKUMC\" \/>\n<meta property=\"og:description\" content=\"Bring Your Children with You to Murfreesboro First! Day Camp | K thru 6th (completed) Children who have finished kindergarten through 6th grade are invited to attend the Annual Conference [&hellip;]\" \/>\n<meta property=\"og:url\" content=\"https:\/\/twkumc.org\/es\/news\/children-annual-conference\/\" \/>\n<meta property=\"og:site_name\" content=\"TWKUMC\" \/>\n<meta property=\"article:published_time\" content=\"2023-04-27T19:37:37+00:00\" \/>\n<meta property=\"og:image\" content=\"https:\/\/twkumc.org\/wp-content\/uploads\/2024\/01\/Boundless-AC24-logo-442x380.png\" \/>\n<meta name=\"author\" content=\"Comm Intern\" \/>\n<meta name=\"twitter:card\" content=\"summary_large_image\" \/>\n<meta name=\"twitter:label1\" content=\"Escrito por\" \/>\n\t<meta name=\"twitter:data1\" content=\"Comm Intern\" \/>\n\t<meta name=\"twitter:label2\" content=\"Tiempo de lectura\" \/>\n\t<meta name=\"twitter:data2\" content=\"1 minuto\" \/>\n<script type=\"application\/ld+json\" class=\"yoast-schema-graph\">{\"@context\":\"https:\/\/schema.org\",\"@graph\":[{\"@type\":\"Article\",\"@id\":\"https:\/\/twkumc.org\/news\/children-annual-conference\/#article\",\"isPartOf\":{\"@id\":\"https:\/\/twkumc.org\/news\/children-annual-conference\/\"},\"author\":{\"name\":\"Comm Intern\",\"@id\":\"https:\/\/twkumc.org\/#\/schema\/person\/fea2ebf62dc6b300be341f3fb63f6402\"},\"headline\":\"Annual Conference Day Camp &#038; Childcare\",\"datePublished\":\"2023-04-27T19:37:37+00:00\",\"mainEntityOfPage\":{\"@id\":\"https:\/\/twkumc.org\/news\/children-annual-conference\/\"},\"wordCount\":162,\"publisher\":{\"@id\":\"https:\/\/twkumc.org\/#organization\"},\"image\":{\"@id\":\"https:\/\/twkumc.org\/news\/children-annual-conference\/#primaryimage\"},\"thumbnailUrl\":\"https:\/\/twkumc.org\/wp-content\/uploads\/2024\/01\/Boundless-AC24-logo-442x380.png\",\"articleSection\":[\"Annual Conference\",\"News\"],\"inLanguage\":\"es\"},{\"@type\":\"WebPage\",\"@id\":\"https:\/\/twkumc.org\/news\/children-annual-conference\/\",\"url\":\"https:\/\/twkumc.org\/news\/children-annual-conference\/\",\"name\":\"Annual Conference Day Camp & Childcare - TWKUMC\",\"isPartOf\":{\"@id\":\"https:\/\/twkumc.org\/#website\"},\"primaryImageOfPage\":{\"@id\":\"https:\/\/twkumc.org\/news\/children-annual-conference\/#primaryimage\"},\"image\":{\"@id\":\"https:\/\/twkumc.org\/news\/children-annual-conference\/#primaryimage\"},\"thumbnailUrl\":\"https:\/\/twkumc.org\/wp-content\/uploads\/2024\/01\/Boundless-AC24-logo-442x380.png\",\"datePublished\":\"2023-04-27T19:37:37+00:00\",\"breadcrumb\":{\"@id\":\"https:\/\/twkumc.org\/news\/children-annual-conference\/#breadcrumb\"},\"inLanguage\":\"es\",\"potentialAction\":[{\"@type\":\"ReadAction\",\"target\":[\"https:\/\/twkumc.org\/news\/children-annual-conference\/\"]}]},{\"@type\":\"ImageObject\",\"inLanguage\":\"es\",\"@id\":\"https:\/\/twkumc.org\/news\/children-annual-conference\/#primaryimage\",\"url\":\"https:\/\/twkumc.org\/wp-content\/uploads\/2024\/01\/Boundless-AC24-logo-442x380.png\",\"contentUrl\":\"https:\/\/twkumc.org\/wp-content\/uploads\/2024\/01\/Boundless-AC24-logo-442x380.png\"},{\"@type\":\"BreadcrumbList\",\"@id\":\"https:\/\/twkumc.org\/news\/children-annual-conference\/#breadcrumb\",\"itemListElement\":[{\"@type\":\"ListItem\",\"position\":1,\"name\":\"Home\",\"item\":\"https:\/\/twkumc.org\/\"},{\"@type\":\"ListItem\",\"position\":2,\"name\":\"Annual Conference Day Camp &#038; Childcare\"}]},{\"@type\":\"WebSite\",\"@id\":\"https:\/\/twkumc.org\/#website\",\"url\":\"https:\/\/twkumc.org\/\",\"name\":\"TWKUMC\",\"description\":\"\",\"publisher\":{\"@id\":\"https:\/\/twkumc.org\/#organization\"},\"potentialAction\":[{\"@type\":\"SearchAction\",\"target\":{\"@type\":\"EntryPoint\",\"urlTemplate\":\"https:\/\/twkumc.org\/?s={search_term_string}\"},\"query-input\":{\"@type\":\"PropertyValueSpecification\",\"valueRequired\":true,\"valueName\":\"search_term_string\"}}],\"inLanguage\":\"es\"},{\"@type\":\"Organization\",\"@id\":\"https:\/\/twkumc.org\/#organization\",\"name\":\"TWKUMC\",\"url\":\"https:\/\/twkumc.org\/\",\"logo\":{\"@type\":\"ImageObject\",\"inLanguage\":\"es\",\"@id\":\"https:\/\/twkumc.org\/#\/schema\/logo\/image\/\",\"url\":\"https:\/\/twkumc.org\/wp-content\/uploads\/2025\/02\/TWK-Full_ColorBlack.webp\",\"contentUrl\":\"https:\/\/twkumc.org\/wp-content\/uploads\/2025\/02\/TWK-Full_ColorBlack.webp\",\"width\":2340,\"height\":478,\"caption\":\"TWKUMC\"},\"image\":{\"@id\":\"https:\/\/twkumc.org\/#\/schema\/logo\/image\/\"}},{\"@type\":\"Person\",\"@id\":\"https:\/\/twkumc.org\/#\/schema\/person\/fea2ebf62dc6b300be341f3fb63f6402\",\"name\":\"Comm Intern\",\"image\":{\"@type\":\"ImageObject\",\"inLanguage\":\"es\",\"@id\":\"https:\/\/twkumc.org\/#\/schema\/person\/image\/\",\"url\":\"https:\/\/secure.gravatar.com\/avatar\/d2553a2bdbae4cb2a55fe2c69338ccece69b837e966f8989bc9add0fb3631f28?s=96&d=mm&r=g\",\"contentUrl\":\"https:\/\/secure.gravatar.com\/avatar\/d2553a2bdbae4cb2a55fe2c69338ccece69b837e966f8989bc9add0fb3631f28?s=96&d=mm&r=g\",\"caption\":\"Comm Intern\"},\"url\":\"https:\/\/twkumc.org\/es\/author\/comm-intern\/\"}]}<\/script>\n<!-- \/ Yoast SEO plugin. -->","yoast_head_json":{"title":"Annual Conference Day Camp & Childcare - TWKUMC","robots":{"index":"index","follow":"follow","max-snippet":"max-snippet:-1","max-image-preview":"max-image-preview:large","max-video-preview":"max-video-preview:-1"},"canonical":"https:\/\/twkumc.org\/es\/news\/children-annual-conference\/","og_locale":"es_MX","og_type":"article","og_title":"Annual Conference Day Camp & Childcare - TWKUMC","og_description":"Bring Your Children with You to Murfreesboro First! Day Camp | K thru 6th (completed) Children who have finished kindergarten through 6th grade are invited to attend the Annual Conference [&hellip;]","og_url":"https:\/\/twkumc.org\/es\/news\/children-annual-conference\/","og_site_name":"TWKUMC","article_published_time":"2023-04-27T19:37:37+00:00","og_image":[{"url":"https:\/\/twkumc.org\/wp-content\/uploads\/2024\/01\/Boundless-AC24-logo-442x380.png","type":"","width":"","height":""}],"author":"Comm Intern","twitter_card":"summary_large_image","twitter_misc":{"Escrito por":"Comm Intern","Tiempo de lectura":"1 minuto"},"schema":{"@context":"https:\/\/schema.org","@graph":[{"@type":"Article","@id":"https:\/\/twkumc.org\/news\/children-annual-conference\/#article","isPartOf":{"@id":"https:\/\/twkumc.org\/news\/children-annual-conference\/"},"author":{"name":"Comm Intern","@id":"https:\/\/twkumc.org\/#\/schema\/person\/fea2ebf62dc6b300be341f3fb63f6402"},"headline":"Annual Conference Day Camp &#038; Childcare","datePublished":"2023-04-27T19:37:37+00:00","mainEntityOfPage":{"@id":"https:\/\/twkumc.org\/news\/children-annual-conference\/"},"wordCount":162,"publisher":{"@id":"https:\/\/twkumc.org\/#organization"},"image":{"@id":"https:\/\/twkumc.org\/news\/children-annual-conference\/#primaryimage"},"thumbnailUrl":"https:\/\/twkumc.org\/wp-content\/uploads\/2024\/01\/Boundless-AC24-logo-442x380.png","articleSection":["Annual Conference","News"],"inLanguage":"es"},{"@type":"WebPage","@id":"https:\/\/twkumc.org\/news\/children-annual-conference\/","url":"https:\/\/twkumc.org\/news\/children-annual-conference\/","name":"Annual Conference Day Camp & Childcare - TWKUMC","isPartOf":{"@id":"https:\/\/twkumc.org\/#website"},"primaryImageOfPage":{"@id":"https:\/\/twkumc.org\/news\/children-annual-conference\/#primaryimage"},"image":{"@id":"https:\/\/twkumc.org\/news\/children-annual-conference\/#primaryimage"},"thumbnailUrl":"https:\/\/twkumc.org\/wp-content\/uploads\/2024\/01\/Boundless-AC24-logo-442x380.png","datePublished":"2023-04-27T19:37:37+00:00","breadcrumb":{"@id":"https:\/\/twkumc.org\/news\/children-annual-conference\/#breadcrumb"},"inLanguage":"es","potentialAction":[{"@type":"ReadAction","target":["https:\/\/twkumc.org\/news\/children-annual-conference\/"]}]},{"@type":"ImageObject","inLanguage":"es","@id":"https:\/\/twkumc.org\/news\/children-annual-conference\/#primaryimage","url":"https:\/\/twkumc.org\/wp-content\/uploads\/2024\/01\/Boundless-AC24-logo-442x380.png","contentUrl":"https:\/\/twkumc.org\/wp-content\/uploads\/2024\/01\/Boundless-AC24-logo-442x380.png"},{"@type":"BreadcrumbList","@id":"https:\/\/twkumc.org\/news\/children-annual-conference\/#breadcrumb","itemListElement":[{"@type":"ListItem","position":1,"name":"Home","item":"https:\/\/twkumc.org\/"},{"@type":"ListItem","position":2,"name":"Annual Conference Day Camp &#038; Childcare"}]},{"@type":"WebSite","@id":"https:\/\/twkumc.org\/#website","url":"https:\/\/twkumc.org\/","name":"TWKUMC","description":"","publisher":{"@id":"https:\/\/twkumc.org\/#organization"},"potentialAction":[{"@type":"SearchAction","target":{"@type":"EntryPoint","urlTemplate":"https:\/\/twkumc.org\/?s={search_term_string}"},"query-input":{"@type":"PropertyValueSpecification","valueRequired":true,"valueName":"search_term_string"}}],"inLanguage":"es"},{"@type":"Organization","@id":"https:\/\/twkumc.org\/#organization","name":"TWKUMC","url":"https:\/\/twkumc.org\/","logo":{"@type":"ImageObject","inLanguage":"es","@id":"https:\/\/twkumc.org\/#\/schema\/logo\/image\/","url":"https:\/\/twkumc.org\/wp-content\/uploads\/2025\/02\/TWK-Full_ColorBlack.webp","contentUrl":"https:\/\/twkumc.org\/wp-content\/uploads\/2025\/02\/TWK-Full_ColorBlack.webp","width":2340,"height":478,"caption":"TWKUMC"},"image":{"@id":"https:\/\/twkumc.org\/#\/schema\/logo\/image\/"}},{"@type":"Person","@id":"https:\/\/twkumc.org\/#\/schema\/person\/fea2ebf62dc6b300be341f3fb63f6402","name":"Becario de Comunicaci\u00f3n","image":{"@type":"ImageObject","inLanguage":"es","@id":"https:\/\/twkumc.org\/#\/schema\/person\/image\/","url":"https:\/\/secure.gravatar.com\/avatar\/d2553a2bdbae4cb2a55fe2c69338ccece69b837e966f8989bc9add0fb3631f28?s=96&d=mm&r=g","contentUrl":"https:\/\/secure.gravatar.com\/avatar\/d2553a2bdbae4cb2a55fe2c69338ccece69b837e966f8989bc9add0fb3631f28?s=96&d=mm&r=g","caption":"Comm Intern"},"url":"https:\/\/twkumc.org\/es\/author\/comm-intern\/"}]}},"publishpress_future_action":{"enabled":false,"date":"2026-05-04 19:10:28","action":"change-status","newStatus":"draft","terms":[],"taxonomy":"category","extraData":[]},"publishpress_future_workflow_manual_trigger":{"enabledWorkflows":[]},"_links":{"self":[{"href":"https:\/\/twkumc.org\/es\/wp-json\/wp\/v2\/posts\/11124","targetHints":{"allow":["GET"]}}],"collection":[{"href":"https:\/\/twkumc.org\/es\/wp-json\/wp\/v2\/posts"}],"about":[{"href":"https:\/\/twkumc.org\/es\/wp-json\/wp\/v2\/types\/post"}],"author":[{"embeddable":true,"href":"https:\/\/twkumc.org\/es\/wp-json\/wp\/v2\/users\/4"}],"replies":[{"embeddable":true,"href":"https:\/\/twkumc.org\/es\/wp-json\/wp\/v2\/comments?post=11124"}],"version-history":[{"count":0,"href":"https:\/\/twkumc.org\/es\/wp-json\/wp\/v2\/posts\/11124\/revisions"}],"wp:attachment":[{"href":"https:\/\/twkumc.org\/es\/wp-json\/wp\/v2\/media?parent=11124"}],"wp:term":[{"taxonomy":"category","embeddable":true,"href":"https:\/\/twkumc.org\/es\/wp-json\/wp\/v2\/categories?post=11124"},{"taxonomy":"post_tag","embeddable":true,"href":"https:\/\/twkumc.org\/es\/wp-json\/wp\/v2\/tags?post=11124"}],"curies":[{"name":"wp","href":"https:\/\/api.w.org\/{rel}","templated":true}]}}