{"id":20453,"date":"2024-09-11T14:22:54","date_gmt":"2024-09-11T19:22:54","guid":{"rendered":"https:\/\/twkumc.org\/?p=20453"},"modified":"2024-09-11T14:22:54","modified_gmt":"2024-09-11T19:22:54","slug":"bishop-graves-welcomed-to-the-twk-conference","status":"publish","type":"post","link":"https:\/\/twkumc.org\/es\/news\/bishop-graves-welcomed-to-the-twk-conference\/","title":{"rendered":"El obispo Graves, cordialmente recibido en la Conferencia TWK"},"content":{"rendered":"<figure id=\"attachment_20468\" aria-describedby=\"caption-attachment-20468\" style=\"width: 784px\" class=\"wp-caption alignnone\"><img fetchpriority=\"high\" decoding=\"async\" class=\"wp-image-20468 size-large\" src=\"https:\/\/twkumc.org\/wp-content\/uploads\/2024\/09\/IMG_1636-scaled-e1726076685634-1024x999.jpg\" alt=\"\" width=\"784\" height=\"765\" srcset=\"https:\/\/twkumc.org\/wp-content\/uploads\/2024\/09\/IMG_1636-scaled-e1726076685634-1024x999.jpg 1024w, https:\/\/twkumc.org\/wp-content\/uploads\/2024\/09\/IMG_1636-scaled-e1726076685634-300x293.jpg 300w, https:\/\/twkumc.org\/wp-content\/uploads\/2024\/09\/IMG_1636-scaled-e1726076685634-768x749.jpg 768w, https:\/\/twkumc.org\/wp-content\/uploads\/2024\/09\/IMG_1636-scaled-e1726076685634-1536x1498.jpg 1536w, https:\/\/twkumc.org\/wp-content\/uploads\/2024\/09\/IMG_1636-scaled-e1726076685634.jpg 1920w\" sizes=\"(max-width: 784px) 100vw, 784px\" \/><figcaption id=\"caption-attachment-20468\" class=\"wp-caption-text\"><em>Miembros de la Conferencia de Tennessee-Western Kentucky oran por el Obispo David y Nancy Graves durante una recepci\u00f3n de bienvenida el domingo 8 de septiembre en Brentwood UMC. Foto de Tyler Sprouse.<\/em><\/figcaption><\/figure>\n<p>El domingo 8 de septiembre, en Brentwood UMC, la Conferencia TWK celebr\u00f3 una recepci\u00f3n de bienvenida para el Obispo David Graves y su esposa, Nancy. El evento fue coorganizado por Brentwood UMC, el Comit\u00e9 de Episcopado de TWK, la Mesa de Conexi\u00f3n de TWK, el Gabinete, el Personal de la Conferencia y las Mujeres Unidas en la Fe de TWK.<\/p>\n<p>A lo largo de las dos horas que dur\u00f3 la recepci\u00f3n, los asistentes tuvieron la oportunidad de conocer y hablar con el obispo y Nancy Graves. A mitad del acto, se abri\u00f3 un turno de observaciones.<\/p>\n<figure id=\"attachment_20474\" aria-describedby=\"caption-attachment-20474\" style=\"width: 506px\" class=\"wp-caption alignright\"><img decoding=\"async\" class=\"wp-image-20474 size-medium\" src=\"https:\/\/twkumc.org\/wp-content\/uploads\/2024\/09\/PXL_20240908_223327507-1-506x380.jpg\" alt=\"\" width=\"506\" height=\"380\" \/><figcaption id=\"caption-attachment-20474\" class=\"wp-caption-text\"><em>Foto de Beth Stockwell.<\/em><\/figcaption><\/figure>\n<p>Cerca de la conclusi\u00f3n del evento, el Obispo Graves se dirigi\u00f3 a los reunidos y agradeci\u00f3 a Brentwood UMC y a las Mujeres Unidas en la Fe de TWK por su amable hospitalidad. Durante sus observaciones, el Obispo Graves hizo hincapi\u00e9 en su af\u00e1n de cambiar nuestro enfoque colectivo sobre la misi\u00f3n de nuestra conferencia: hacer disc\u00edpulos de Jesucristo para la transformaci\u00f3n del mundo.<\/p>\n<p>\"Es hora de que la iglesia deje de mirar hacia atr\u00e1s, hacia la divisi\u00f3n, y mire hacia adelante, hacia el Reino\", dijo el obispo Graves. \"Es hora de que la iglesia empiece a seguir de nuevo el camino de Jes\u00fas\".<\/p>\n<figure id=\"attachment_20470\" aria-describedby=\"caption-attachment-20470\" style=\"width: 285px\" class=\"wp-caption alignleft\"><img decoding=\"async\" class=\"wp-image-20470 size-medium\" src=\"https:\/\/twkumc.org\/wp-content\/uploads\/2024\/09\/IMG_5384-285x380.jpg\" alt=\"\" width=\"285\" height=\"380\" \/><figcaption id=\"caption-attachment-20470\" class=\"wp-caption-text\"><em>El Obispo David y Nancy Graves conversan con la Rev. Dra. Deborah Suddarth, Pastora Principal de Collierville UMC, y el Rev. Dr. Joey Reed, Pastor Asociado de Collierville UMC. Foto de Amy Hurd.<\/em><\/figcaption><\/figure>\n<p>Josh Shaw, miembro laico del Distrito del R\u00edo Mississippi y miembro tanto de la Mesa de Conexi\u00f3n TWK como de la Delegaci\u00f3n de la Conferencia General TWK, comparti\u00f3 su experiencia de ser compa\u00f1ero de oraci\u00f3n del Obispo Graves en las semanas y meses previos a la Conferencia Jurisdiccional del Sudeste en julio. A continuaci\u00f3n, hizo hincapi\u00e9 en la compatibilidad entre la realidad actual de nuestra conferencia y los dones del obispo Graves.<\/p>\n<p>\"Obispo Graves, w<span style=\"font-weight: 400;\">stamos deseosos de contar con su perspicacia y sabidur\u00eda espirituales\", dijo Shaw. \"Creemos que usted est\u00e1 trayendo una voz a\u00f1adida de la presencia de Dios entre nosotros que es intencional para este tiempo. <\/span><span style=\"font-weight: 400;\">Obispo, su presencia entre nosotros es un regalo\".<\/span><\/p>\n<p>A continuaci\u00f3n, el reverendo Bryan Brooks, pastor principal de la Franklin First UMC y presidente del Comit\u00e9 de la TWK sobre el episcopado, entreg\u00f3 al obispo y a Nancy varios regalos, entre ellos un par de camisetas de los Nashville Predators.<\/p>\n<p>El Rev. Pat Freudenthal, Decano del Gabinete, y la Rev. Dra. Deborah Smith, Superintendente de Distrito interina del Distrito Metropolitano, enviaron saludos del gabinete y presentaron regalos de cada uno de los nueve distritos de la Conferencia TWK. Hablaron sobre el coraz\u00f3n de la misi\u00f3n de la conferencia.<\/p>\n<p>\"W<span style=\"font-weight: 400;\">omos una conferencia que desea vivir la visi\u00f3n divina de la comunidad amada\", afirm\u00f3 el Rev. Freudenthal. \"A\u00fan no hemos llegado a ese punto, pero estamos en camino. Las diferentes \u00e1reas de la TWK tienen bellas expresiones de cultura y ministerio. Tenemos congregaciones que est\u00e1n dispuestas a ofrecer el amor y la gracia de Jesucristo a un mundo herido, barrio a barrio.\"<\/span><\/p>\n<figure id=\"attachment_20472\" aria-describedby=\"caption-attachment-20472\" style=\"width: 506px\" class=\"wp-caption alignright\"><img loading=\"lazy\" decoding=\"async\" class=\"wp-image-20472 size-medium\" src=\"https:\/\/twkumc.org\/wp-content\/uploads\/2024\/09\/PXL_20240908_204616150-506x380.jpg\" alt=\"\" width=\"506\" height=\"380\" \/><figcaption id=\"caption-attachment-20472\" class=\"wp-caption-text\"><em>El obispo Graves con miembros de Mujeres Unidas en la Fe de TWK. Foto de Beth Stockwell.<\/em><\/figcaption><\/figure>\n<p>La presidenta de TWK Mujeres Unidas en la Fe, Meredith Bingham, dio la bienvenida a la conferencia al obispo y a Nancy Graves y les entreg\u00f3 semillas para que las plantaran como s\u00edmbolo de la fidelidad de Dios.<\/p>\n<p>El Rev. Jefferson Furtado, pastor de Hilldale UMC y Superintendente de Distrito de la Cohorte para la Junta de Ministerio Ordenado de TWK, entreg\u00f3 a los Graves chaquetas con el logotipo de TWK y otros obsequios ministeriales de la Mesa de Conexi\u00f3n y el personal. Hizo hincapi\u00e9 en lo emocionada que est\u00e1 nuestra conferencia de darles la bienvenida a nuestra familia TWK.<\/p>\n<p>Al d\u00eda siguiente, el obispo inici\u00f3 un proceso de integraci\u00f3n con diferentes grupos TWK que continuar\u00e1 en toda la conferencia durante los pr\u00f3ximos meses.<\/p>\n<p>Estamos agradecidos de tener al Obispo Graves entre nosotros como nuestro nuevo l\u00edder episcopal, y les invitamos a unirse a nosotros en oraci\u00f3n por \u00e9l mientras ayuda a guiar a nuestra conferencia en esta nueva temporada de ministerio dentro de la Iglesia Metodista Unida.<\/p>","protected":false},"excerpt":{"rendered":"<p>On Sunday, September 8, at Brentwood UMC, the TWK Conference held a welcome reception for Bishop David Graves and his wife, Nancy. The event was co-hosted by Brentwood UMC, the [&hellip;]<\/p>\n","protected":false},"author":4,"featured_media":0,"comment_status":"closed","ping_status":"closed","sticky":false,"template":"","format":"standard","meta":{"_acf_changed":false,"footnotes":""},"categories":[15,9],"tags":[],"class_list":["post-20453","post","type-post","status-publish","format-standard","hentry","category-communications-news","category-news"],"acf":[],"yoast_head":"<!-- This site is optimized with the Yoast SEO plugin v27.1.1 - https:\/\/yoast.com\/product\/yoast-seo-wordpress\/ -->\n<title>Bishop Graves Warmly Welcomed to the TWK Conference - TWKUMC<\/title>\n<meta name=\"robots\" content=\"index, follow, max-snippet:-1, max-image-preview:large, max-video-preview:-1\" \/>\n<link rel=\"canonical\" href=\"https:\/\/twkumc.org\/es\/news\/bishop-graves-welcomed-to-the-twk-conference\/\" \/>\n<meta property=\"og:locale\" content=\"es_MX\" \/>\n<meta property=\"og:type\" content=\"article\" \/>\n<meta property=\"og:title\" content=\"Bishop Graves Warmly Welcomed to the TWK Conference - TWKUMC\" \/>\n<meta property=\"og:description\" content=\"On Sunday, September 8, at Brentwood UMC, the TWK Conference held a welcome reception for Bishop David Graves and his wife, Nancy. The event was co-hosted by Brentwood UMC, the [&hellip;]\" \/>\n<meta property=\"og:url\" content=\"https:\/\/twkumc.org\/es\/news\/bishop-graves-welcomed-to-the-twk-conference\/\" \/>\n<meta property=\"og:site_name\" content=\"TWKUMC\" \/>\n<meta property=\"article:published_time\" content=\"2024-09-11T19:22:54+00:00\" \/>\n<meta property=\"og:image\" content=\"https:\/\/twkumc.org\/wp-content\/uploads\/2024\/09\/IMG_1636-scaled-e1726076685634-1024x999.jpg\" \/>\n<meta name=\"author\" content=\"Comm Intern\" \/>\n<meta name=\"twitter:card\" content=\"summary_large_image\" \/>\n<meta name=\"twitter:label1\" content=\"Escrito por\" \/>\n\t<meta name=\"twitter:data1\" content=\"Comm Intern\" \/>\n\t<meta name=\"twitter:label2\" content=\"Tiempo de lectura\" \/>\n\t<meta name=\"twitter:data2\" content=\"4 minutos\" \/>\n<script type=\"application\/ld+json\" class=\"yoast-schema-graph\">{\"@context\":\"https:\/\/schema.org\",\"@graph\":[{\"@type\":\"Article\",\"@id\":\"https:\/\/twkumc.org\/news\/bishop-graves-welcomed-to-the-twk-conference\/#article\",\"isPartOf\":{\"@id\":\"https:\/\/twkumc.org\/news\/bishop-graves-welcomed-to-the-twk-conference\/\"},\"author\":{\"name\":\"Comm Intern\",\"@id\":\"https:\/\/twkumc.org\/#\/schema\/person\/fea2ebf62dc6b300be341f3fb63f6402\"},\"headline\":\"Bishop Graves Warmly Welcomed to the TWK Conference\",\"datePublished\":\"2024-09-11T19:22:54+00:00\",\"mainEntityOfPage\":{\"@id\":\"https:\/\/twkumc.org\/news\/bishop-graves-welcomed-to-the-twk-conference\/\"},\"wordCount\":684,\"publisher\":{\"@id\":\"https:\/\/twkumc.org\/#organization\"},\"image\":{\"@id\":\"https:\/\/twkumc.org\/news\/bishop-graves-welcomed-to-the-twk-conference\/#primaryimage\"},\"thumbnailUrl\":\"https:\/\/twkumc.org\/wp-content\/uploads\/2024\/09\/IMG_1636-scaled-e1726076685634-1024x999.jpg\",\"articleSection\":[\"Communications\",\"News\"],\"inLanguage\":\"es\"},{\"@type\":\"WebPage\",\"@id\":\"https:\/\/twkumc.org\/news\/bishop-graves-welcomed-to-the-twk-conference\/\",\"url\":\"https:\/\/twkumc.org\/news\/bishop-graves-welcomed-to-the-twk-conference\/\",\"name\":\"Bishop Graves Warmly Welcomed to the TWK Conference - TWKUMC\",\"isPartOf\":{\"@id\":\"https:\/\/twkumc.org\/#website\"},\"primaryImageOfPage\":{\"@id\":\"https:\/\/twkumc.org\/news\/bishop-graves-welcomed-to-the-twk-conference\/#primaryimage\"},\"image\":{\"@id\":\"https:\/\/twkumc.org\/news\/bishop-graves-welcomed-to-the-twk-conference\/#primaryimage\"},\"thumbnailUrl\":\"https:\/\/twkumc.org\/wp-content\/uploads\/2024\/09\/IMG_1636-scaled-e1726076685634-1024x999.jpg\",\"datePublished\":\"2024-09-11T19:22:54+00:00\",\"breadcrumb\":{\"@id\":\"https:\/\/twkumc.org\/news\/bishop-graves-welcomed-to-the-twk-conference\/#breadcrumb\"},\"inLanguage\":\"es\",\"potentialAction\":[{\"@type\":\"ReadAction\",\"target\":[\"https:\/\/twkumc.org\/news\/bishop-graves-welcomed-to-the-twk-conference\/\"]}]},{\"@type\":\"ImageObject\",\"inLanguage\":\"es\",\"@id\":\"https:\/\/twkumc.org\/news\/bishop-graves-welcomed-to-the-twk-conference\/#primaryimage\",\"url\":\"https:\/\/twkumc.org\/wp-content\/uploads\/2024\/09\/IMG_1636-scaled-e1726076685634-1024x999.jpg\",\"contentUrl\":\"https:\/\/twkumc.org\/wp-content\/uploads\/2024\/09\/IMG_1636-scaled-e1726076685634-1024x999.jpg\"},{\"@type\":\"BreadcrumbList\",\"@id\":\"https:\/\/twkumc.org\/news\/bishop-graves-welcomed-to-the-twk-conference\/#breadcrumb\",\"itemListElement\":[{\"@type\":\"ListItem\",\"position\":1,\"name\":\"Home\",\"item\":\"https:\/\/twkumc.org\/\"},{\"@type\":\"ListItem\",\"position\":2,\"name\":\"Bishop Graves Warmly Welcomed to the TWK Conference\"}]},{\"@type\":\"WebSite\",\"@id\":\"https:\/\/twkumc.org\/#website\",\"url\":\"https:\/\/twkumc.org\/\",\"name\":\"TWKUMC\",\"description\":\"\",\"publisher\":{\"@id\":\"https:\/\/twkumc.org\/#organization\"},\"potentialAction\":[{\"@type\":\"SearchAction\",\"target\":{\"@type\":\"EntryPoint\",\"urlTemplate\":\"https:\/\/twkumc.org\/?s={search_term_string}\"},\"query-input\":{\"@type\":\"PropertyValueSpecification\",\"valueRequired\":true,\"valueName\":\"search_term_string\"}}],\"inLanguage\":\"es\"},{\"@type\":\"Organization\",\"@id\":\"https:\/\/twkumc.org\/#organization\",\"name\":\"TWKUMC\",\"url\":\"https:\/\/twkumc.org\/\",\"logo\":{\"@type\":\"ImageObject\",\"inLanguage\":\"es\",\"@id\":\"https:\/\/twkumc.org\/#\/schema\/logo\/image\/\",\"url\":\"https:\/\/twkumc.org\/wp-content\/uploads\/2025\/02\/TWK-Full_ColorBlack.webp\",\"contentUrl\":\"https:\/\/twkumc.org\/wp-content\/uploads\/2025\/02\/TWK-Full_ColorBlack.webp\",\"width\":2340,\"height\":478,\"caption\":\"TWKUMC\"},\"image\":{\"@id\":\"https:\/\/twkumc.org\/#\/schema\/logo\/image\/\"}},{\"@type\":\"Person\",\"@id\":\"https:\/\/twkumc.org\/#\/schema\/person\/fea2ebf62dc6b300be341f3fb63f6402\",\"name\":\"Comm Intern\",\"image\":{\"@type\":\"ImageObject\",\"inLanguage\":\"es\",\"@id\":\"https:\/\/twkumc.org\/#\/schema\/person\/image\/\",\"url\":\"https:\/\/secure.gravatar.com\/avatar\/d2553a2bdbae4cb2a55fe2c69338ccece69b837e966f8989bc9add0fb3631f28?s=96&d=mm&r=g\",\"contentUrl\":\"https:\/\/secure.gravatar.com\/avatar\/d2553a2bdbae4cb2a55fe2c69338ccece69b837e966f8989bc9add0fb3631f28?s=96&d=mm&r=g\",\"caption\":\"Comm Intern\"},\"url\":\"https:\/\/twkumc.org\/es\/author\/comm-intern\/\"}]}<\/script>\n<!-- \/ Yoast SEO plugin. -->","yoast_head_json":{"title":"El obispo Graves recibe una c\u00e1lida bienvenida en la Conferencia TWK - TWKUMC","robots":{"index":"index","follow":"follow","max-snippet":"max-snippet:-1","max-image-preview":"max-image-preview:large","max-video-preview":"max-video-preview:-1"},"canonical":"https:\/\/twkumc.org\/es\/news\/bishop-graves-welcomed-to-the-twk-conference\/","og_locale":"es_MX","og_type":"article","og_title":"Bishop Graves Warmly Welcomed to the TWK Conference - TWKUMC","og_description":"On Sunday, September 8, at Brentwood UMC, the TWK Conference held a welcome reception for Bishop David Graves and his wife, Nancy. The event was co-hosted by Brentwood UMC, the [&hellip;]","og_url":"https:\/\/twkumc.org\/es\/news\/bishop-graves-welcomed-to-the-twk-conference\/","og_site_name":"TWKUMC","article_published_time":"2024-09-11T19:22:54+00:00","og_image":[{"url":"https:\/\/twkumc.org\/wp-content\/uploads\/2024\/09\/IMG_1636-scaled-e1726076685634-1024x999.jpg","type":"","width":"","height":""}],"author":"Comm Intern","twitter_card":"summary_large_image","twitter_misc":{"Escrito por":"Comm Intern","Tiempo de lectura":"4 minutos"},"schema":{"@context":"https:\/\/schema.org","@graph":[{"@type":"Article","@id":"https:\/\/twkumc.org\/news\/bishop-graves-welcomed-to-the-twk-conference\/#article","isPartOf":{"@id":"https:\/\/twkumc.org\/news\/bishop-graves-welcomed-to-the-twk-conference\/"},"author":{"name":"Comm Intern","@id":"https:\/\/twkumc.org\/#\/schema\/person\/fea2ebf62dc6b300be341f3fb63f6402"},"headline":"Bishop Graves Warmly Welcomed to the TWK Conference","datePublished":"2024-09-11T19:22:54+00:00","mainEntityOfPage":{"@id":"https:\/\/twkumc.org\/news\/bishop-graves-welcomed-to-the-twk-conference\/"},"wordCount":684,"publisher":{"@id":"https:\/\/twkumc.org\/#organization"},"image":{"@id":"https:\/\/twkumc.org\/news\/bishop-graves-welcomed-to-the-twk-conference\/#primaryimage"},"thumbnailUrl":"https:\/\/twkumc.org\/wp-content\/uploads\/2024\/09\/IMG_1636-scaled-e1726076685634-1024x999.jpg","articleSection":["Communications","News"],"inLanguage":"es"},{"@type":"WebPage","@id":"https:\/\/twkumc.org\/news\/bishop-graves-welcomed-to-the-twk-conference\/","url":"https:\/\/twkumc.org\/news\/bishop-graves-welcomed-to-the-twk-conference\/","name":"El obispo Graves recibe una c\u00e1lida bienvenida en la Conferencia TWK - TWKUMC","isPartOf":{"@id":"https:\/\/twkumc.org\/#website"},"primaryImageOfPage":{"@id":"https:\/\/twkumc.org\/news\/bishop-graves-welcomed-to-the-twk-conference\/#primaryimage"},"image":{"@id":"https:\/\/twkumc.org\/news\/bishop-graves-welcomed-to-the-twk-conference\/#primaryimage"},"thumbnailUrl":"https:\/\/twkumc.org\/wp-content\/uploads\/2024\/09\/IMG_1636-scaled-e1726076685634-1024x999.jpg","datePublished":"2024-09-11T19:22:54+00:00","breadcrumb":{"@id":"https:\/\/twkumc.org\/news\/bishop-graves-welcomed-to-the-twk-conference\/#breadcrumb"},"inLanguage":"es","potentialAction":[{"@type":"ReadAction","target":["https:\/\/twkumc.org\/news\/bishop-graves-welcomed-to-the-twk-conference\/"]}]},{"@type":"ImageObject","inLanguage":"es","@id":"https:\/\/twkumc.org\/news\/bishop-graves-welcomed-to-the-twk-conference\/#primaryimage","url":"https:\/\/twkumc.org\/wp-content\/uploads\/2024\/09\/IMG_1636-scaled-e1726076685634-1024x999.jpg","contentUrl":"https:\/\/twkumc.org\/wp-content\/uploads\/2024\/09\/IMG_1636-scaled-e1726076685634-1024x999.jpg"},{"@type":"BreadcrumbList","@id":"https:\/\/twkumc.org\/news\/bishop-graves-welcomed-to-the-twk-conference\/#breadcrumb","itemListElement":[{"@type":"ListItem","position":1,"name":"Home","item":"https:\/\/twkumc.org\/"},{"@type":"ListItem","position":2,"name":"Bishop Graves Warmly Welcomed to the TWK Conference"}]},{"@type":"WebSite","@id":"https:\/\/twkumc.org\/#website","url":"https:\/\/twkumc.org\/","name":"TWKUMC","description":"","publisher":{"@id":"https:\/\/twkumc.org\/#organization"},"potentialAction":[{"@type":"SearchAction","target":{"@type":"EntryPoint","urlTemplate":"https:\/\/twkumc.org\/?s={search_term_string}"},"query-input":{"@type":"PropertyValueSpecification","valueRequired":true,"valueName":"search_term_string"}}],"inLanguage":"es"},{"@type":"Organization","@id":"https:\/\/twkumc.org\/#organization","name":"TWKUMC","url":"https:\/\/twkumc.org\/","logo":{"@type":"ImageObject","inLanguage":"es","@id":"https:\/\/twkumc.org\/#\/schema\/logo\/image\/","url":"https:\/\/twkumc.org\/wp-content\/uploads\/2025\/02\/TWK-Full_ColorBlack.webp","contentUrl":"https:\/\/twkumc.org\/wp-content\/uploads\/2025\/02\/TWK-Full_ColorBlack.webp","width":2340,"height":478,"caption":"TWKUMC"},"image":{"@id":"https:\/\/twkumc.org\/#\/schema\/logo\/image\/"}},{"@type":"Person","@id":"https:\/\/twkumc.org\/#\/schema\/person\/fea2ebf62dc6b300be341f3fb63f6402","name":"Becario de Comunicaci\u00f3n","image":{"@type":"ImageObject","inLanguage":"es","@id":"https:\/\/twkumc.org\/#\/schema\/person\/image\/","url":"https:\/\/secure.gravatar.com\/avatar\/d2553a2bdbae4cb2a55fe2c69338ccece69b837e966f8989bc9add0fb3631f28?s=96&d=mm&r=g","contentUrl":"https:\/\/secure.gravatar.com\/avatar\/d2553a2bdbae4cb2a55fe2c69338ccece69b837e966f8989bc9add0fb3631f28?s=96&d=mm&r=g","caption":"Comm Intern"},"url":"https:\/\/twkumc.org\/es\/author\/comm-intern\/"}]}},"publishpress_future_action":{"enabled":false,"date":"2026-05-05 02:28:43","action":"change-status","newStatus":"draft","terms":[],"taxonomy":"category","extraData":[]},"publishpress_future_workflow_manual_trigger":{"enabledWorkflows":[]},"_links":{"self":[{"href":"https:\/\/twkumc.org\/es\/wp-json\/wp\/v2\/posts\/20453","targetHints":{"allow":["GET"]}}],"collection":[{"href":"https:\/\/twkumc.org\/es\/wp-json\/wp\/v2\/posts"}],"about":[{"href":"https:\/\/twkumc.org\/es\/wp-json\/wp\/v2\/types\/post"}],"author":[{"embeddable":true,"href":"https:\/\/twkumc.org\/es\/wp-json\/wp\/v2\/users\/4"}],"replies":[{"embeddable":true,"href":"https:\/\/twkumc.org\/es\/wp-json\/wp\/v2\/comments?post=20453"}],"version-history":[{"count":0,"href":"https:\/\/twkumc.org\/es\/wp-json\/wp\/v2\/posts\/20453\/revisions"}],"wp:attachment":[{"href":"https:\/\/twkumc.org\/es\/wp-json\/wp\/v2\/media?parent=20453"}],"wp:term":[{"taxonomy":"category","embeddable":true,"href":"https:\/\/twkumc.org\/es\/wp-json\/wp\/v2\/categories?post=20453"},{"taxonomy":"post_tag","embeddable":true,"href":"https:\/\/twkumc.org\/es\/wp-json\/wp\/v2\/tags?post=20453"}],"curies":[{"name":"wp","href":"https:\/\/api.w.org\/{rel}","templated":true}]}}