{"id":41964,"date":"2026-03-10T13:13:47","date_gmt":"2026-03-10T19:13:47","guid":{"rendered":"https:\/\/twkumc.org\/?p=41964"},"modified":"2026-03-30T13:48:01","modified_gmt":"2026-03-30T19:48:01","slug":"praying-for-peace-a-message-from-bishop-graves-march-10-2026","status":"publish","type":"post","link":"https:\/\/twkumc.org\/es\/bishop\/praying-for-peace-a-message-from-bishop-graves-march-10-2026\/","title":{"rendered":"Orar por la paz: un mensaje del obispo Graves | 10 de marzo de 2026"},"content":{"rendered":"<p>Queridos amigos,<\/p>\n\n\n\n<p>Mientras continuamos nuestro camino cuaresmal, quiero animarnos a todos a mantener un esp\u00edritu de oraci\u00f3n para que la paz llegue a Oriente Medio, Ucrania, Rusia y otras partes del mundo que se encuentran en situaciones de guerra. Aqu\u00ed, en Estados Unidos, nos hemos visto afectados por la guerra de palabras sobre muchos temas. Como seguidores de Jes\u00fas, estamos llamados a tratarnos unos a otros con amor y paz.<\/p>\n\n\n\n<p>Jes\u00fas comparti\u00f3 en su Serm\u00f3n de la Monta\u00f1a:<\/p>\n\n\n\n<p><em><strong>Dios bendice a quienes trabajan por la paz, porque ser\u00e1n llamados hijos de Dios.&nbsp;<\/strong><\/em>Mateo 5:9<\/p>\n\n\n\n<p>Un\u00e1monos en oraci\u00f3n para que los que est\u00e1n en el poder se sientan impulsados a trabajar por la paz. Oremos por las personas inocentes que han perdido a sus seres queridos, sus hogares o sus vidas y se han visto desplazadas. Oremos por nuestros militares y por aquellas familias que han perdido a sus hijos e hijas en este reciente conflicto. Oremos por la paz en nuestras conversaciones, incluso cuando no estemos de acuerdo. Porque todos somos hijos de Dios y necesitamos la oraci\u00f3n.<\/p>\n\n\n\n<p>Para m\u00ed, en los \u00faltimos d\u00edas, la historia de la mujer en el pozo que se encuentra en el Evangelio de Juan, cap\u00edtulo 4, y los frutos del Esp\u00edritu en G\u00e1latas 5:22-23 han sido escrituras significativas que me han ayudado a tener un coraz\u00f3n en paz y no un coraz\u00f3n en guerra.<\/p>\n\n\n\n<p>Les dejo con esto. Jes\u00fas dijo en Juan 14:27:<\/p>\n\n\n\n<p><em><strong>Les dejo un regalo: paz en la mente y en el coraz\u00f3n. Y la paz que les doy es un regalo que el mundo no puede dar. As\u00ed que no se preocupen ni tengan miedo.<\/strong><\/em><\/p>\n\n\n\n<p>Estoy agradecido por ser su obispo y por acompa\u00f1arlos en este camino.<\/p>\n\n\n\n<p>Bendiciones,<\/p>\n\n\n\n<p>Gracia y paz,<\/p>\n\n\n\n<figure class=\"wp-block-image is-resized\"><img fetchpriority=\"high\" decoding=\"async\" width=\"713\" height=\"137\" src=\"https:\/\/twkumc.org\/wp-content\/uploads\/2026\/03\/Bishop-Graves-Signature.png\" alt=\"\" class=\"wp-image-41746\" style=\"width:190px;height:auto\" srcset=\"https:\/\/twkumc.org\/wp-content\/uploads\/2026\/03\/Bishop-Graves-Signature.png 713w, https:\/\/twkumc.org\/wp-content\/uploads\/2026\/03\/Bishop-Graves-Signature-300x58.png 300w, https:\/\/twkumc.org\/wp-content\/uploads\/2026\/03\/Bishop-Graves-Signature-18x3.png 18w\" sizes=\"(max-width: 713px) 100vw, 713px\" \/><\/figure>\n\n\n\n<p>Obispo David Graves<\/p>\n\n\n\n<figure class=\"wp-block-image\"><img decoding=\"async\" width=\"300\" height=\"150\" src=\"https:\/\/twkumc.org\/wp-content\/uploads\/2026\/03\/unnamed.png\" alt=\"\" class=\"wp-image-41747\" srcset=\"https:\/\/twkumc.org\/wp-content\/uploads\/2026\/03\/unnamed.png 300w, https:\/\/twkumc.org\/wp-content\/uploads\/2026\/03\/unnamed-18x9.png 18w\" sizes=\"(max-width: 300px) 100vw, 300px\" \/><\/figure>","protected":false},"excerpt":{"rendered":"<p>Dear friends, As we continue our Lenten journey, I want to encourage all of us to be in a spirit of prayer that peace would come to the Middle East, [&hellip;]<\/p>\n","protected":false},"author":6,"featured_media":41967,"comment_status":"closed","ping_status":"open","sticky":false,"template":"","format":"standard","meta":{"_acf_changed":false,"footnotes":""},"categories":[117],"tags":[189,12],"class_list":["post-41964","post","type-post","status-publish","format-standard","has-post-thumbnail","hentry","category-bishop","tag-bishop-communications","tag-feature"],"acf":[],"yoast_head":"<!-- This site is optimized with the Yoast SEO plugin v27.1.1 - https:\/\/yoast.com\/product\/yoast-seo-wordpress\/ -->\n<title>Praying for Peace - A Message from Bishop Graves | March 10, 2026 - TWKUMC<\/title>\n<meta name=\"robots\" content=\"index, follow, max-snippet:-1, max-image-preview:large, max-video-preview:-1\" \/>\n<link rel=\"canonical\" href=\"https:\/\/twkumc.org\/es\/bishop\/praying-for-peace-a-message-from-bishop-graves-march-10-2026\/\" \/>\n<meta property=\"og:locale\" content=\"es_MX\" \/>\n<meta property=\"og:type\" content=\"article\" \/>\n<meta property=\"og:title\" content=\"Praying for Peace - A Message from Bishop Graves | March 10, 2026 - TWKUMC\" \/>\n<meta property=\"og:description\" content=\"Dear friends, As we continue our Lenten journey, I want to encourage all of us to be in a spirit of prayer that peace would come to the Middle East, [&hellip;]\" \/>\n<meta property=\"og:url\" content=\"https:\/\/twkumc.org\/es\/bishop\/praying-for-peace-a-message-from-bishop-graves-march-10-2026\/\" \/>\n<meta property=\"og:site_name\" content=\"TWKUMC\" \/>\n<meta property=\"article:published_time\" content=\"2026-03-10T19:13:47+00:00\" \/>\n<meta property=\"article:modified_time\" content=\"2026-03-30T19:48:01+00:00\" \/>\n<meta property=\"og:image\" content=\"https:\/\/twkumc.org\/wp-content\/uploads\/2026\/03\/PrayingHandsatAltar.jpg\" \/>\n\t<meta property=\"og:image:width\" content=\"2048\" \/>\n\t<meta property=\"og:image:height\" content=\"1152\" \/>\n\t<meta property=\"og:image:type\" content=\"image\/jpeg\" \/>\n<meta name=\"author\" content=\"Jonathan Stallings\" \/>\n<meta name=\"twitter:card\" content=\"summary_large_image\" \/>\n<meta name=\"twitter:label1\" content=\"Escrito por\" \/>\n\t<meta name=\"twitter:data1\" content=\"Jonathan Stallings\" \/>\n\t<meta name=\"twitter:label2\" content=\"Tiempo de lectura\" \/>\n\t<meta name=\"twitter:data2\" content=\"2 minutos\" \/>\n<script type=\"application\/ld+json\" class=\"yoast-schema-graph\">{\"@context\":\"https:\/\/schema.org\",\"@graph\":[{\"@type\":\"Article\",\"@id\":\"https:\/\/twkumc.org\/bishop\/praying-for-peace-a-message-from-bishop-graves-march-10-2026\/#article\",\"isPartOf\":{\"@id\":\"https:\/\/twkumc.org\/bishop\/praying-for-peace-a-message-from-bishop-graves-march-10-2026\/\"},\"author\":{\"name\":\"Jonathan Stallings\",\"@id\":\"https:\/\/twkumc.org\/#\/schema\/person\/b57a05129a4185cc675bd5c03e2c29b3\"},\"headline\":\"Praying for Peace &#8211; A Message from Bishop Graves | March 10, 2026\",\"datePublished\":\"2026-03-10T19:13:47+00:00\",\"dateModified\":\"2026-03-30T19:48:01+00:00\",\"mainEntityOfPage\":{\"@id\":\"https:\/\/twkumc.org\/bishop\/praying-for-peace-a-message-from-bishop-graves-march-10-2026\/\"},\"wordCount\":299,\"publisher\":{\"@id\":\"https:\/\/twkumc.org\/#organization\"},\"image\":{\"@id\":\"https:\/\/twkumc.org\/bishop\/praying-for-peace-a-message-from-bishop-graves-march-10-2026\/#primaryimage\"},\"thumbnailUrl\":\"https:\/\/twkumc.org\/wp-content\/uploads\/2026\/03\/PrayingHandsatAltar.jpg\",\"keywords\":[\"Bishop Communications\",\"feature\"],\"articleSection\":[\"Bishop\"],\"inLanguage\":\"es\"},{\"@type\":\"WebPage\",\"@id\":\"https:\/\/twkumc.org\/bishop\/praying-for-peace-a-message-from-bishop-graves-march-10-2026\/\",\"url\":\"https:\/\/twkumc.org\/bishop\/praying-for-peace-a-message-from-bishop-graves-march-10-2026\/\",\"name\":\"Praying for Peace - A Message from Bishop Graves | March 10, 2026 - TWKUMC\",\"isPartOf\":{\"@id\":\"https:\/\/twkumc.org\/#website\"},\"primaryImageOfPage\":{\"@id\":\"https:\/\/twkumc.org\/bishop\/praying-for-peace-a-message-from-bishop-graves-march-10-2026\/#primaryimage\"},\"image\":{\"@id\":\"https:\/\/twkumc.org\/bishop\/praying-for-peace-a-message-from-bishop-graves-march-10-2026\/#primaryimage\"},\"thumbnailUrl\":\"https:\/\/twkumc.org\/wp-content\/uploads\/2026\/03\/PrayingHandsatAltar.jpg\",\"datePublished\":\"2026-03-10T19:13:47+00:00\",\"dateModified\":\"2026-03-30T19:48:01+00:00\",\"breadcrumb\":{\"@id\":\"https:\/\/twkumc.org\/bishop\/praying-for-peace-a-message-from-bishop-graves-march-10-2026\/#breadcrumb\"},\"inLanguage\":\"es\",\"potentialAction\":[{\"@type\":\"ReadAction\",\"target\":[\"https:\/\/twkumc.org\/bishop\/praying-for-peace-a-message-from-bishop-graves-march-10-2026\/\"]}]},{\"@type\":\"ImageObject\",\"inLanguage\":\"es\",\"@id\":\"https:\/\/twkumc.org\/bishop\/praying-for-peace-a-message-from-bishop-graves-march-10-2026\/#primaryimage\",\"url\":\"https:\/\/twkumc.org\/wp-content\/uploads\/2026\/03\/PrayingHandsatAltar.jpg\",\"contentUrl\":\"https:\/\/twkumc.org\/wp-content\/uploads\/2026\/03\/PrayingHandsatAltar.jpg\",\"width\":2048,\"height\":1152},{\"@type\":\"BreadcrumbList\",\"@id\":\"https:\/\/twkumc.org\/bishop\/praying-for-peace-a-message-from-bishop-graves-march-10-2026\/#breadcrumb\",\"itemListElement\":[{\"@type\":\"ListItem\",\"position\":1,\"name\":\"Home\",\"item\":\"https:\/\/twkumc.org\/\"},{\"@type\":\"ListItem\",\"position\":2,\"name\":\"Praying for Peace &#8211; A Message from Bishop Graves | March 10, 2026\"}]},{\"@type\":\"WebSite\",\"@id\":\"https:\/\/twkumc.org\/#website\",\"url\":\"https:\/\/twkumc.org\/\",\"name\":\"TWKUMC\",\"description\":\"\",\"publisher\":{\"@id\":\"https:\/\/twkumc.org\/#organization\"},\"potentialAction\":[{\"@type\":\"SearchAction\",\"target\":{\"@type\":\"EntryPoint\",\"urlTemplate\":\"https:\/\/twkumc.org\/?s={search_term_string}\"},\"query-input\":{\"@type\":\"PropertyValueSpecification\",\"valueRequired\":true,\"valueName\":\"search_term_string\"}}],\"inLanguage\":\"es\"},{\"@type\":\"Organization\",\"@id\":\"https:\/\/twkumc.org\/#organization\",\"name\":\"TWKUMC\",\"url\":\"https:\/\/twkumc.org\/\",\"logo\":{\"@type\":\"ImageObject\",\"inLanguage\":\"es\",\"@id\":\"https:\/\/twkumc.org\/#\/schema\/logo\/image\/\",\"url\":\"https:\/\/twkumc.org\/wp-content\/uploads\/2025\/02\/TWK-Full_ColorBlack.webp\",\"contentUrl\":\"https:\/\/twkumc.org\/wp-content\/uploads\/2025\/02\/TWK-Full_ColorBlack.webp\",\"width\":2340,\"height\":478,\"caption\":\"TWKUMC\"},\"image\":{\"@id\":\"https:\/\/twkumc.org\/#\/schema\/logo\/image\/\"}},{\"@type\":\"Person\",\"@id\":\"https:\/\/twkumc.org\/#\/schema\/person\/b57a05129a4185cc675bd5c03e2c29b3\",\"name\":\"Jonathan Stallings\",\"image\":{\"@type\":\"ImageObject\",\"inLanguage\":\"es\",\"@id\":\"https:\/\/twkumc.org\/#\/schema\/person\/image\/\",\"url\":\"https:\/\/secure.gravatar.com\/avatar\/720b3f2e0dfd83143f34c6c1d237137477e59ab07bb3ed69df6f0121bd7baab0?s=96&d=mm&r=g\",\"contentUrl\":\"https:\/\/secure.gravatar.com\/avatar\/720b3f2e0dfd83143f34c6c1d237137477e59ab07bb3ed69df6f0121bd7baab0?s=96&d=mm&r=g\",\"caption\":\"Jonathan Stallings\"},\"url\":\"https:\/\/twkumc.org\/es\/author\/jonathan-stallings\/\"}]}<\/script>\n<!-- \/ Yoast SEO plugin. -->","yoast_head_json":{"title":"Orando por la paz: un mensaje del obispo Graves | 10 de marzo de 2026 - TWKUMC","robots":{"index":"index","follow":"follow","max-snippet":"max-snippet:-1","max-image-preview":"max-image-preview:large","max-video-preview":"max-video-preview:-1"},"canonical":"https:\/\/twkumc.org\/es\/bishop\/praying-for-peace-a-message-from-bishop-graves-march-10-2026\/","og_locale":"es_MX","og_type":"article","og_title":"Praying for Peace - A Message from Bishop Graves | March 10, 2026 - TWKUMC","og_description":"Dear friends, As we continue our Lenten journey, I want to encourage all of us to be in a spirit of prayer that peace would come to the Middle East, [&hellip;]","og_url":"https:\/\/twkumc.org\/es\/bishop\/praying-for-peace-a-message-from-bishop-graves-march-10-2026\/","og_site_name":"TWKUMC","article_published_time":"2026-03-10T19:13:47+00:00","article_modified_time":"2026-03-30T19:48:01+00:00","og_image":[{"width":2048,"height":1152,"url":"https:\/\/twkumc.org\/wp-content\/uploads\/2026\/03\/PrayingHandsatAltar.jpg","type":"image\/jpeg"}],"author":"Jonathan Stallings","twitter_card":"summary_large_image","twitter_misc":{"Escrito por":"Jonathan Stallings","Tiempo de lectura":"2 minutos"},"schema":{"@context":"https:\/\/schema.org","@graph":[{"@type":"Article","@id":"https:\/\/twkumc.org\/bishop\/praying-for-peace-a-message-from-bishop-graves-march-10-2026\/#article","isPartOf":{"@id":"https:\/\/twkumc.org\/bishop\/praying-for-peace-a-message-from-bishop-graves-march-10-2026\/"},"author":{"name":"Jonathan Stallings","@id":"https:\/\/twkumc.org\/#\/schema\/person\/b57a05129a4185cc675bd5c03e2c29b3"},"headline":"Praying for Peace &#8211; A Message from Bishop Graves | March 10, 2026","datePublished":"2026-03-10T19:13:47+00:00","dateModified":"2026-03-30T19:48:01+00:00","mainEntityOfPage":{"@id":"https:\/\/twkumc.org\/bishop\/praying-for-peace-a-message-from-bishop-graves-march-10-2026\/"},"wordCount":299,"publisher":{"@id":"https:\/\/twkumc.org\/#organization"},"image":{"@id":"https:\/\/twkumc.org\/bishop\/praying-for-peace-a-message-from-bishop-graves-march-10-2026\/#primaryimage"},"thumbnailUrl":"https:\/\/twkumc.org\/wp-content\/uploads\/2026\/03\/PrayingHandsatAltar.jpg","keywords":["Bishop Communications","feature"],"articleSection":["Bishop"],"inLanguage":"es"},{"@type":"WebPage","@id":"https:\/\/twkumc.org\/bishop\/praying-for-peace-a-message-from-bishop-graves-march-10-2026\/","url":"https:\/\/twkumc.org\/bishop\/praying-for-peace-a-message-from-bishop-graves-march-10-2026\/","name":"Orando por la paz: un mensaje del obispo Graves | 10 de marzo de 2026 - TWKUMC","isPartOf":{"@id":"https:\/\/twkumc.org\/#website"},"primaryImageOfPage":{"@id":"https:\/\/twkumc.org\/bishop\/praying-for-peace-a-message-from-bishop-graves-march-10-2026\/#primaryimage"},"image":{"@id":"https:\/\/twkumc.org\/bishop\/praying-for-peace-a-message-from-bishop-graves-march-10-2026\/#primaryimage"},"thumbnailUrl":"https:\/\/twkumc.org\/wp-content\/uploads\/2026\/03\/PrayingHandsatAltar.jpg","datePublished":"2026-03-10T19:13:47+00:00","dateModified":"2026-03-30T19:48:01+00:00","breadcrumb":{"@id":"https:\/\/twkumc.org\/bishop\/praying-for-peace-a-message-from-bishop-graves-march-10-2026\/#breadcrumb"},"inLanguage":"es","potentialAction":[{"@type":"ReadAction","target":["https:\/\/twkumc.org\/bishop\/praying-for-peace-a-message-from-bishop-graves-march-10-2026\/"]}]},{"@type":"ImageObject","inLanguage":"es","@id":"https:\/\/twkumc.org\/bishop\/praying-for-peace-a-message-from-bishop-graves-march-10-2026\/#primaryimage","url":"https:\/\/twkumc.org\/wp-content\/uploads\/2026\/03\/PrayingHandsatAltar.jpg","contentUrl":"https:\/\/twkumc.org\/wp-content\/uploads\/2026\/03\/PrayingHandsatAltar.jpg","width":2048,"height":1152},{"@type":"BreadcrumbList","@id":"https:\/\/twkumc.org\/bishop\/praying-for-peace-a-message-from-bishop-graves-march-10-2026\/#breadcrumb","itemListElement":[{"@type":"ListItem","position":1,"name":"Home","item":"https:\/\/twkumc.org\/"},{"@type":"ListItem","position":2,"name":"Praying for Peace &#8211; A Message from Bishop Graves | March 10, 2026"}]},{"@type":"WebSite","@id":"https:\/\/twkumc.org\/#website","url":"https:\/\/twkumc.org\/","name":"TWKUMC","description":"","publisher":{"@id":"https:\/\/twkumc.org\/#organization"},"potentialAction":[{"@type":"SearchAction","target":{"@type":"EntryPoint","urlTemplate":"https:\/\/twkumc.org\/?s={search_term_string}"},"query-input":{"@type":"PropertyValueSpecification","valueRequired":true,"valueName":"search_term_string"}}],"inLanguage":"es"},{"@type":"Organization","@id":"https:\/\/twkumc.org\/#organization","name":"TWKUMC","url":"https:\/\/twkumc.org\/","logo":{"@type":"ImageObject","inLanguage":"es","@id":"https:\/\/twkumc.org\/#\/schema\/logo\/image\/","url":"https:\/\/twkumc.org\/wp-content\/uploads\/2025\/02\/TWK-Full_ColorBlack.webp","contentUrl":"https:\/\/twkumc.org\/wp-content\/uploads\/2025\/02\/TWK-Full_ColorBlack.webp","width":2340,"height":478,"caption":"TWKUMC"},"image":{"@id":"https:\/\/twkumc.org\/#\/schema\/logo\/image\/"}},{"@type":"Person","@id":"https:\/\/twkumc.org\/#\/schema\/person\/b57a05129a4185cc675bd5c03e2c29b3","name":"Jonathan Stallings","image":{"@type":"ImageObject","inLanguage":"es","@id":"https:\/\/twkumc.org\/#\/schema\/person\/image\/","url":"https:\/\/secure.gravatar.com\/avatar\/720b3f2e0dfd83143f34c6c1d237137477e59ab07bb3ed69df6f0121bd7baab0?s=96&d=mm&r=g","contentUrl":"https:\/\/secure.gravatar.com\/avatar\/720b3f2e0dfd83143f34c6c1d237137477e59ab07bb3ed69df6f0121bd7baab0?s=96&d=mm&r=g","caption":"Jonathan Stallings"},"url":"https:\/\/twkumc.org\/es\/author\/jonathan-stallings\/"}]}},"publishpress_future_action":{"enabled":false,"date":"2026-05-04 19:30:43","action":"change-status","newStatus":"draft","terms":[],"taxonomy":"category","extraData":[]},"publishpress_future_workflow_manual_trigger":{"enabledWorkflows":[]},"_links":{"self":[{"href":"https:\/\/twkumc.org\/es\/wp-json\/wp\/v2\/posts\/41964","targetHints":{"allow":["GET"]}}],"collection":[{"href":"https:\/\/twkumc.org\/es\/wp-json\/wp\/v2\/posts"}],"about":[{"href":"https:\/\/twkumc.org\/es\/wp-json\/wp\/v2\/types\/post"}],"author":[{"embeddable":true,"href":"https:\/\/twkumc.org\/es\/wp-json\/wp\/v2\/users\/6"}],"replies":[{"embeddable":true,"href":"https:\/\/twkumc.org\/es\/wp-json\/wp\/v2\/comments?post=41964"}],"version-history":[{"count":3,"href":"https:\/\/twkumc.org\/es\/wp-json\/wp\/v2\/posts\/41964\/revisions"}],"predecessor-version":[{"id":41969,"href":"https:\/\/twkumc.org\/es\/wp-json\/wp\/v2\/posts\/41964\/revisions\/41969"}],"wp:featuredmedia":[{"embeddable":true,"href":"https:\/\/twkumc.org\/es\/wp-json\/wp\/v2\/media\/41967"}],"wp:attachment":[{"href":"https:\/\/twkumc.org\/es\/wp-json\/wp\/v2\/media?parent=41964"}],"wp:term":[{"taxonomy":"category","embeddable":true,"href":"https:\/\/twkumc.org\/es\/wp-json\/wp\/v2\/categories?post=41964"},{"taxonomy":"post_tag","embeddable":true,"href":"https:\/\/twkumc.org\/es\/wp-json\/wp\/v2\/tags?post=41964"}],"curies":[{"name":"wp","href":"https:\/\/api.w.org\/{rel}","templated":true}]}}