{"id":9742,"date":"2023-01-04T21:26:18","date_gmt":"2023-01-05T03:26:18","guid":{"rendered":"https:\/\/twkumc.org\/?p=9742"},"modified":"2023-01-04T21:26:18","modified_gmt":"2023-01-05T03:26:18","slug":"bishop-mcalilly-returns","status":"publish","type":"post","link":"https:\/\/twkumc.org\/es\/news\/bishop-mcalilly-returns\/","title":{"rendered":"Vuelve el obispo McAlilly"},"content":{"rendered":"<p><span style=\"font-weight: 400;\"><img fetchpriority=\"high\" decoding=\"async\" class=\"alignright wp-image-9746 size-medium\" src=\"https:\/\/twkumc.org\/wp-content\/uploads\/2023\/01\/Bishop-McAlilly-returns-1-04-22-380x380.jpg\" alt=\"\" width=\"380\" height=\"380\" \/>\u00a0\u00a1El obispo ha vuelto al trabajo!<\/span><\/p>\n<p><span style=\"font-weight: 400;\">\u00a1A partir del 3 de enero, el Obispo McAlilly ha salido oficialmente de su licencia m\u00e9dica y est\u00e1 de vuelta a plena capacidad como nuestro obispo!<\/span><\/p>\n<p><span style=\"font-weight: 400;\">Os damos las gracias a todos por vuestras fervientes oraciones y vuestro firme apoyo a lo largo de su proceso de recuperaci\u00f3n, y os pedimos que le manteng\u00e1is en oraci\u00f3n mientras se reincorpora a sus obligaciones como obispo.<\/span><\/p>\n<p><span style=\"font-weight: 400;\">Eche un vistazo a su m\u00e1s reciente <a href=\"https:\/\/bishopbillmcalilly.com\/2022\/12\/24\/home-for-christmas\/\" target=\"_blank\" rel=\"noopener\">entrada del blog de Nochebuena<\/a>en el que reflexiona sobre el estado de la UMC a trav\u00e9s de la lente de su iglesia natal, New Albany First UMC en New Albany, MS.<\/span><\/p>\n<p><span style=\"font-weight: 400;\">En los pr\u00f3ximos meses, el obispo McAlilly tiene previsto visitar los nueve distritos de la TWK. \u00a1Est\u00e9n atentos a las fechas en las que estar\u00e1 en su zona!<\/span><\/p>\n<p><em>Fotos: Tyler Sprouse<\/em><\/p>\n<p><img decoding=\"async\" class=\"alignleft wp-image-9749\" src=\"https:\/\/twkumc.org\/wp-content\/uploads\/2023\/01\/Bishop-McAlilly-w-directors-scaled-1.jpg\" alt=\"\" width=\"640\" height=\"645\" srcset=\"https:\/\/twkumc.org\/wp-content\/uploads\/2023\/01\/Bishop-McAlilly-w-directors-scaled-1.jpg 2539w, https:\/\/twkumc.org\/wp-content\/uploads\/2023\/01\/Bishop-McAlilly-w-directors-scaled-1-298x300.jpg 298w, https:\/\/twkumc.org\/wp-content\/uploads\/2023\/01\/Bishop-McAlilly-w-directors-scaled-1-1016x1024.jpg 1016w, https:\/\/twkumc.org\/wp-content\/uploads\/2023\/01\/Bishop-McAlilly-w-directors-scaled-1-150x150.jpg 150w, https:\/\/twkumc.org\/wp-content\/uploads\/2023\/01\/Bishop-McAlilly-w-directors-scaled-1-768x774.jpg 768w, https:\/\/twkumc.org\/wp-content\/uploads\/2023\/01\/Bishop-McAlilly-w-directors-scaled-1-1523x1536.jpg 1523w, https:\/\/twkumc.org\/wp-content\/uploads\/2023\/01\/Bishop-McAlilly-w-directors-scaled-1-2031x2048.jpg 2031w\" sizes=\"(max-width: 640px) 100vw, 640px\" \/><\/p>","protected":false},"excerpt":{"rendered":"<p>\u00a0The bishop is back at work! As of January 3, Bishop McAlilly has officially come off of medical leave and is back to full capacity as our bishop! We thank [&hellip;]<\/p>\n","protected":false},"author":3,"featured_media":0,"comment_status":"open","ping_status":"open","sticky":false,"template":"","format":"standard","meta":{"_acf_changed":false,"footnotes":""},"categories":[9],"tags":[12,18],"class_list":["post-9742","post","type-post","status-publish","format-standard","hentry","category-news","tag-feature","tag-home"],"acf":[],"yoast_head":"<!-- This site is optimized with the Yoast SEO plugin v27.1.1 - https:\/\/yoast.com\/product\/yoast-seo-wordpress\/ -->\n<title>Bishop McAlilly Returns - TWKUMC<\/title>\n<meta name=\"robots\" content=\"index, follow, max-snippet:-1, max-image-preview:large, max-video-preview:-1\" \/>\n<link rel=\"canonical\" href=\"https:\/\/twkumc.org\/es\/news\/bishop-mcalilly-returns\/\" \/>\n<meta property=\"og:locale\" content=\"es_MX\" \/>\n<meta property=\"og:type\" content=\"article\" \/>\n<meta property=\"og:title\" content=\"Bishop McAlilly Returns - TWKUMC\" \/>\n<meta property=\"og:description\" content=\"\u00a0The bishop is back at work! As of January 3, Bishop McAlilly has officially come off of medical leave and is back to full capacity as our bishop! We thank [&hellip;]\" \/>\n<meta property=\"og:url\" content=\"https:\/\/twkumc.org\/es\/news\/bishop-mcalilly-returns\/\" \/>\n<meta property=\"og:site_name\" content=\"TWKUMC\" \/>\n<meta property=\"article:published_time\" content=\"2023-01-05T03:26:18+00:00\" \/>\n<meta property=\"og:image\" content=\"https:\/\/twkumc.org\/wp-content\/uploads\/2023\/01\/Bishop-McAlilly-returns-1-04-22-380x380.jpg\" \/>\n<meta name=\"author\" content=\"ahurd\" \/>\n<meta name=\"twitter:card\" content=\"summary_large_image\" \/>\n<meta name=\"twitter:label1\" content=\"Escrito por\" \/>\n\t<meta name=\"twitter:data1\" content=\"ahurd\" \/>\n\t<meta name=\"twitter:label2\" content=\"Tiempo de lectura\" \/>\n\t<meta name=\"twitter:data2\" content=\"1 minuto\" \/>\n<script type=\"application\/ld+json\" class=\"yoast-schema-graph\">{\"@context\":\"https:\/\/schema.org\",\"@graph\":[{\"@type\":\"Article\",\"@id\":\"https:\/\/twkumc.org\/news\/bishop-mcalilly-returns\/#article\",\"isPartOf\":{\"@id\":\"https:\/\/twkumc.org\/news\/bishop-mcalilly-returns\/\"},\"author\":{\"name\":\"ahurd\",\"@id\":\"https:\/\/twkumc.org\/#\/schema\/person\/b9845d1898d84365f684d01753a7efc5\"},\"headline\":\"Bishop McAlilly Returns\",\"datePublished\":\"2023-01-05T03:26:18+00:00\",\"mainEntityOfPage\":{\"@id\":\"https:\/\/twkumc.org\/news\/bishop-mcalilly-returns\/\"},\"wordCount\":129,\"commentCount\":0,\"publisher\":{\"@id\":\"https:\/\/twkumc.org\/#organization\"},\"image\":{\"@id\":\"https:\/\/twkumc.org\/news\/bishop-mcalilly-returns\/#primaryimage\"},\"thumbnailUrl\":\"https:\/\/twkumc.org\/wp-content\/uploads\/2023\/01\/Bishop-McAlilly-returns-1-04-22-380x380.jpg\",\"keywords\":[\"feature\",\"home\"],\"articleSection\":[\"News\"],\"inLanguage\":\"es\",\"potentialAction\":[{\"@type\":\"CommentAction\",\"name\":\"Comment\",\"target\":[\"https:\/\/twkumc.org\/news\/bishop-mcalilly-returns\/#respond\"]}]},{\"@type\":\"WebPage\",\"@id\":\"https:\/\/twkumc.org\/news\/bishop-mcalilly-returns\/\",\"url\":\"https:\/\/twkumc.org\/news\/bishop-mcalilly-returns\/\",\"name\":\"Bishop McAlilly Returns - TWKUMC\",\"isPartOf\":{\"@id\":\"https:\/\/twkumc.org\/#website\"},\"primaryImageOfPage\":{\"@id\":\"https:\/\/twkumc.org\/news\/bishop-mcalilly-returns\/#primaryimage\"},\"image\":{\"@id\":\"https:\/\/twkumc.org\/news\/bishop-mcalilly-returns\/#primaryimage\"},\"thumbnailUrl\":\"https:\/\/twkumc.org\/wp-content\/uploads\/2023\/01\/Bishop-McAlilly-returns-1-04-22-380x380.jpg\",\"datePublished\":\"2023-01-05T03:26:18+00:00\",\"breadcrumb\":{\"@id\":\"https:\/\/twkumc.org\/news\/bishop-mcalilly-returns\/#breadcrumb\"},\"inLanguage\":\"es\",\"potentialAction\":[{\"@type\":\"ReadAction\",\"target\":[\"https:\/\/twkumc.org\/news\/bishop-mcalilly-returns\/\"]}]},{\"@type\":\"ImageObject\",\"inLanguage\":\"es\",\"@id\":\"https:\/\/twkumc.org\/news\/bishop-mcalilly-returns\/#primaryimage\",\"url\":\"https:\/\/twkumc.org\/wp-content\/uploads\/2023\/01\/Bishop-McAlilly-returns-1-04-22-380x380.jpg\",\"contentUrl\":\"https:\/\/twkumc.org\/wp-content\/uploads\/2023\/01\/Bishop-McAlilly-returns-1-04-22-380x380.jpg\"},{\"@type\":\"BreadcrumbList\",\"@id\":\"https:\/\/twkumc.org\/news\/bishop-mcalilly-returns\/#breadcrumb\",\"itemListElement\":[{\"@type\":\"ListItem\",\"position\":1,\"name\":\"Home\",\"item\":\"https:\/\/twkumc.org\/\"},{\"@type\":\"ListItem\",\"position\":2,\"name\":\"Bishop McAlilly Returns\"}]},{\"@type\":\"WebSite\",\"@id\":\"https:\/\/twkumc.org\/#website\",\"url\":\"https:\/\/twkumc.org\/\",\"name\":\"TWKUMC\",\"description\":\"\",\"publisher\":{\"@id\":\"https:\/\/twkumc.org\/#organization\"},\"potentialAction\":[{\"@type\":\"SearchAction\",\"target\":{\"@type\":\"EntryPoint\",\"urlTemplate\":\"https:\/\/twkumc.org\/?s={search_term_string}\"},\"query-input\":{\"@type\":\"PropertyValueSpecification\",\"valueRequired\":true,\"valueName\":\"search_term_string\"}}],\"inLanguage\":\"es\"},{\"@type\":\"Organization\",\"@id\":\"https:\/\/twkumc.org\/#organization\",\"name\":\"TWKUMC\",\"url\":\"https:\/\/twkumc.org\/\",\"logo\":{\"@type\":\"ImageObject\",\"inLanguage\":\"es\",\"@id\":\"https:\/\/twkumc.org\/#\/schema\/logo\/image\/\",\"url\":\"https:\/\/twkumc.org\/wp-content\/uploads\/2025\/02\/TWK-Full_ColorBlack.webp\",\"contentUrl\":\"https:\/\/twkumc.org\/wp-content\/uploads\/2025\/02\/TWK-Full_ColorBlack.webp\",\"width\":2340,\"height\":478,\"caption\":\"TWKUMC\"},\"image\":{\"@id\":\"https:\/\/twkumc.org\/#\/schema\/logo\/image\/\"}},{\"@type\":\"Person\",\"@id\":\"https:\/\/twkumc.org\/#\/schema\/person\/b9845d1898d84365f684d01753a7efc5\",\"name\":\"ahurd\",\"image\":{\"@type\":\"ImageObject\",\"inLanguage\":\"es\",\"@id\":\"https:\/\/twkumc.org\/#\/schema\/person\/image\/\",\"url\":\"https:\/\/secure.gravatar.com\/avatar\/e212c9295b61215974dfea4b27537046bb3dd06990ed012985cd64a7fd86f199?s=96&d=mm&r=g\",\"contentUrl\":\"https:\/\/secure.gravatar.com\/avatar\/e212c9295b61215974dfea4b27537046bb3dd06990ed012985cd64a7fd86f199?s=96&d=mm&r=g\",\"caption\":\"ahurd\"},\"url\":\"https:\/\/twkumc.org\/es\/author\/ahurd\/\"}]}<\/script>\n<!-- \/ Yoast SEO plugin. -->","yoast_head_json":{"title":"Vuelve el obispo McAlilly - TWKUMC","robots":{"index":"index","follow":"follow","max-snippet":"max-snippet:-1","max-image-preview":"max-image-preview:large","max-video-preview":"max-video-preview:-1"},"canonical":"https:\/\/twkumc.org\/es\/news\/bishop-mcalilly-returns\/","og_locale":"es_MX","og_type":"article","og_title":"Bishop McAlilly Returns - TWKUMC","og_description":"\u00a0The bishop is back at work! As of January 3, Bishop McAlilly has officially come off of medical leave and is back to full capacity as our bishop! We thank [&hellip;]","og_url":"https:\/\/twkumc.org\/es\/news\/bishop-mcalilly-returns\/","og_site_name":"TWKUMC","article_published_time":"2023-01-05T03:26:18+00:00","og_image":[{"url":"https:\/\/twkumc.org\/wp-content\/uploads\/2023\/01\/Bishop-McAlilly-returns-1-04-22-380x380.jpg","type":"","width":"","height":""}],"author":"ahurd","twitter_card":"summary_large_image","twitter_misc":{"Escrito por":"ahurd","Tiempo de lectura":"1 minuto"},"schema":{"@context":"https:\/\/schema.org","@graph":[{"@type":"Article","@id":"https:\/\/twkumc.org\/news\/bishop-mcalilly-returns\/#article","isPartOf":{"@id":"https:\/\/twkumc.org\/news\/bishop-mcalilly-returns\/"},"author":{"name":"ahurd","@id":"https:\/\/twkumc.org\/#\/schema\/person\/b9845d1898d84365f684d01753a7efc5"},"headline":"Bishop McAlilly Returns","datePublished":"2023-01-05T03:26:18+00:00","mainEntityOfPage":{"@id":"https:\/\/twkumc.org\/news\/bishop-mcalilly-returns\/"},"wordCount":129,"commentCount":0,"publisher":{"@id":"https:\/\/twkumc.org\/#organization"},"image":{"@id":"https:\/\/twkumc.org\/news\/bishop-mcalilly-returns\/#primaryimage"},"thumbnailUrl":"https:\/\/twkumc.org\/wp-content\/uploads\/2023\/01\/Bishop-McAlilly-returns-1-04-22-380x380.jpg","keywords":["feature","home"],"articleSection":["News"],"inLanguage":"es","potentialAction":[{"@type":"CommentAction","name":"Comment","target":["https:\/\/twkumc.org\/news\/bishop-mcalilly-returns\/#respond"]}]},{"@type":"WebPage","@id":"https:\/\/twkumc.org\/news\/bishop-mcalilly-returns\/","url":"https:\/\/twkumc.org\/news\/bishop-mcalilly-returns\/","name":"Vuelve el obispo McAlilly - TWKUMC","isPartOf":{"@id":"https:\/\/twkumc.org\/#website"},"primaryImageOfPage":{"@id":"https:\/\/twkumc.org\/news\/bishop-mcalilly-returns\/#primaryimage"},"image":{"@id":"https:\/\/twkumc.org\/news\/bishop-mcalilly-returns\/#primaryimage"},"thumbnailUrl":"https:\/\/twkumc.org\/wp-content\/uploads\/2023\/01\/Bishop-McAlilly-returns-1-04-22-380x380.jpg","datePublished":"2023-01-05T03:26:18+00:00","breadcrumb":{"@id":"https:\/\/twkumc.org\/news\/bishop-mcalilly-returns\/#breadcrumb"},"inLanguage":"es","potentialAction":[{"@type":"ReadAction","target":["https:\/\/twkumc.org\/news\/bishop-mcalilly-returns\/"]}]},{"@type":"ImageObject","inLanguage":"es","@id":"https:\/\/twkumc.org\/news\/bishop-mcalilly-returns\/#primaryimage","url":"https:\/\/twkumc.org\/wp-content\/uploads\/2023\/01\/Bishop-McAlilly-returns-1-04-22-380x380.jpg","contentUrl":"https:\/\/twkumc.org\/wp-content\/uploads\/2023\/01\/Bishop-McAlilly-returns-1-04-22-380x380.jpg"},{"@type":"BreadcrumbList","@id":"https:\/\/twkumc.org\/news\/bishop-mcalilly-returns\/#breadcrumb","itemListElement":[{"@type":"ListItem","position":1,"name":"Home","item":"https:\/\/twkumc.org\/"},{"@type":"ListItem","position":2,"name":"Bishop McAlilly Returns"}]},{"@type":"WebSite","@id":"https:\/\/twkumc.org\/#website","url":"https:\/\/twkumc.org\/","name":"TWKUMC","description":"","publisher":{"@id":"https:\/\/twkumc.org\/#organization"},"potentialAction":[{"@type":"SearchAction","target":{"@type":"EntryPoint","urlTemplate":"https:\/\/twkumc.org\/?s={search_term_string}"},"query-input":{"@type":"PropertyValueSpecification","valueRequired":true,"valueName":"search_term_string"}}],"inLanguage":"es"},{"@type":"Organization","@id":"https:\/\/twkumc.org\/#organization","name":"TWKUMC","url":"https:\/\/twkumc.org\/","logo":{"@type":"ImageObject","inLanguage":"es","@id":"https:\/\/twkumc.org\/#\/schema\/logo\/image\/","url":"https:\/\/twkumc.org\/wp-content\/uploads\/2025\/02\/TWK-Full_ColorBlack.webp","contentUrl":"https:\/\/twkumc.org\/wp-content\/uploads\/2025\/02\/TWK-Full_ColorBlack.webp","width":2340,"height":478,"caption":"TWKUMC"},"image":{"@id":"https:\/\/twkumc.org\/#\/schema\/logo\/image\/"}},{"@type":"Person","@id":"https:\/\/twkumc.org\/#\/schema\/person\/b9845d1898d84365f684d01753a7efc5","name":"ahurd","image":{"@type":"ImageObject","inLanguage":"es","@id":"https:\/\/twkumc.org\/#\/schema\/person\/image\/","url":"https:\/\/secure.gravatar.com\/avatar\/e212c9295b61215974dfea4b27537046bb3dd06990ed012985cd64a7fd86f199?s=96&d=mm&r=g","contentUrl":"https:\/\/secure.gravatar.com\/avatar\/e212c9295b61215974dfea4b27537046bb3dd06990ed012985cd64a7fd86f199?s=96&d=mm&r=g","caption":"ahurd"},"url":"https:\/\/twkumc.org\/es\/author\/ahurd\/"}]}},"publishpress_future_action":{"enabled":false,"date":"2026-05-08 12:37:03","action":"change-status","newStatus":"draft","terms":[],"taxonomy":"category","extraData":[]},"publishpress_future_workflow_manual_trigger":{"enabledWorkflows":[]},"_links":{"self":[{"href":"https:\/\/twkumc.org\/es\/wp-json\/wp\/v2\/posts\/9742","targetHints":{"allow":["GET"]}}],"collection":[{"href":"https:\/\/twkumc.org\/es\/wp-json\/wp\/v2\/posts"}],"about":[{"href":"https:\/\/twkumc.org\/es\/wp-json\/wp\/v2\/types\/post"}],"author":[{"embeddable":true,"href":"https:\/\/twkumc.org\/es\/wp-json\/wp\/v2\/users\/3"}],"replies":[{"embeddable":true,"href":"https:\/\/twkumc.org\/es\/wp-json\/wp\/v2\/comments?post=9742"}],"version-history":[{"count":0,"href":"https:\/\/twkumc.org\/es\/wp-json\/wp\/v2\/posts\/9742\/revisions"}],"wp:attachment":[{"href":"https:\/\/twkumc.org\/es\/wp-json\/wp\/v2\/media?parent=9742"}],"wp:term":[{"taxonomy":"category","embeddable":true,"href":"https:\/\/twkumc.org\/es\/wp-json\/wp\/v2\/categories?post=9742"},{"taxonomy":"post_tag","embeddable":true,"href":"https:\/\/twkumc.org\/es\/wp-json\/wp\/v2\/tags?post=9742"}],"curies":[{"name":"wp","href":"https:\/\/api.w.org\/{rel}","templated":true}]}}